{"id":2246,"date":"2025-01-30T23:18:02","date_gmt":"2025-01-30T23:18:02","guid":{"rendered":"https:\/\/mayanlanguagespreservation.org\/2025\/01\/30\/vi-congreso-internacional-sobre-popol-wuj-convocatoria-de-propuestas-de-ponencias\/"},"modified":"2025-01-31T00:29:44","modified_gmt":"2025-01-31T00:29:44","slug":"vi-congreso-internacional-sobre-popol-wuj-convocatoria-de-propuestas-de-ponencias","status":"publish","type":"post","link":"https:\/\/mayanlanguagespreservation.org\/es\/2025\/01\/30\/vi-congreso-internacional-sobre-popol-wuj-convocatoria-de-propuestas-de-ponencias\/","title":{"rendered":"VI Congreso Internacional sobre Popol Wuj: Convocatoria de propuestas de ponencias"},"content":{"rendered":"\t\t<div data-elementor-type=\"wp-post\" data-elementor-id=\"2246\" class=\"elementor elementor-2246 elementor-2220\" data-elementor-post-type=\"post\">\n\t\t\t\t<div class=\"elementor-element elementor-element-87831eb dc-has-condition dc-condition-equal e-flex e-con-boxed e-con e-parent\" data-id=\"87831eb\" data-element_type=\"container\" data-e-type=\"container\">\n\t\t\t\t\t<div class=\"e-con-inner\">\n\t\t<div class=\"elementor-element elementor-element-cfec5c4 e-con-full e-flex e-con e-child\" data-id=\"cfec5c4\" data-element_type=\"container\" data-e-type=\"container\">\n\t\t\t\t<\/div>\n\t\t<div class=\"elementor-element elementor-element-f756857 e-con-full e-flex e-con e-child\" data-id=\"f756857\" data-element_type=\"container\" data-e-type=\"container\">\n\t\t\t\t<div class=\"elementor-element elementor-element-2bf3e22 elementor-widget__width-initial elementor-widget-mobile__width-initial elementor-widget elementor-widget-image\" data-id=\"2bf3e22\" data-element_type=\"widget\" data-e-type=\"widget\" data-widget_type=\"image.default\">\n\t\t\t\t<div class=\"elementor-widget-container\">\n\t\t\t\t\t\t\t\t\t\t\t\t\t\t\t<img fetchpriority=\"high\" decoding=\"async\" width=\"758\" height=\"1024\" src=\"https:\/\/mayanlanguagespreservation.org\/wp-content\/uploads\/2025\/01\/Screenshot-2025-01-30-at-16.24.13-758x1024.png\" class=\"attachment-large size-large wp-image-2239\" alt=\"\" srcset=\"https:\/\/mayanlanguagespreservation.org\/wp-content\/uploads\/2025\/01\/Screenshot-2025-01-30-at-16.24.13-758x1024.png 758w, https:\/\/mayanlanguagespreservation.org\/wp-content\/uploads\/2025\/01\/Screenshot-2025-01-30-at-16.24.13-222x300.png 222w, https:\/\/mayanlanguagespreservation.org\/wp-content\/uploads\/2025\/01\/Screenshot-2025-01-30-at-16.24.13-768x1037.png 768w, https:\/\/mayanlanguagespreservation.org\/wp-content\/uploads\/2025\/01\/Screenshot-2025-01-30-at-16.24.13.png 782w\" sizes=\"(max-width: 758px) 100vw, 758px\" \/>\t\t\t\t\t\t\t\t\t\t\t\t\t\t\t<\/div>\n\t\t\t\t<\/div>\n\t\t<div class=\"elementor-element elementor-element-ab0162f e-con-full e-flex e-con e-child\" data-id=\"ab0162f\" data-element_type=\"container\" data-e-type=\"container\">\n\t\t\t\t<div class=\"elementor-element elementor-element-12d3f19 elementor-widget elementor-widget-text-editor\" data-id=\"12d3f19\" data-element_type=\"widget\" data-e-type=\"widget\" data-widget_type=\"text-editor.default\">\n\t\t\t\t<div class=\"elementor-widget-container\">\n\t\t\t\t\t\t\t\t\t<p><span data-teams=\"true\">El <strong>VI Congreso Internacional sobre el<\/strong> <strong><i>Popol Wuj <\/i><\/strong>sigue la tradici\u00f3n de congresos anteriores, comenzando con el primero en junio de 1979, iniciado por el <strong>Dr. Robert Carmack<\/strong> en la ciudad de Santa Cruz del Quich\u00e9. Los congresos posteriores se realizaron en <strong>1999, 2003, 2007<\/strong> y el m\u00e1s reciente en <strong>2010<\/strong>, organizado por el <strong>Centro de Estudios Mayas \u201cAdri\u00e1n In\u00e9s Ch\u00e1vez\u201d (TIMACH)<\/strong> y el <strong>Instituto de Estudios Mesoamericanos y el Profesor Carmack<\/strong>, en colaboraci\u00f3n con diversas instituciones gubernamentales y universidades. Consulte las instrucciones sobre c\u00f3mo enviar un art\u00edculo, panel o taller en el documento adjunto. La fecha l\u00edmite para la presentaci\u00f3n de propuestas es el 28 de febrero de 2025.    <\/span><\/p>\n\t\t\t\t\t\t\t\t<\/div>\n\t\t\t\t<\/div>\n\t\t\t\t<div class=\"elementor-element elementor-element-9581705 elementor-widget elementor-widget-text-editor\" data-id=\"9581705\" data-element_type=\"widget\" data-e-type=\"widget\" data-widget_type=\"text-editor.default\">\n\t\t\t\t<div class=\"elementor-widget-container\">\n\t\t\t\t\t\t\t\t\t<p><a href=\"https:\/\/mayanlanguagespreservation.org\/wp-content\/uploads\/2025\/01\/Convocatoria-al-VI-Congreso-Internacional-sobre-Popol-Wuj-1-1-1.pdf\">https:\/\/mayanlanguagespreservation.org\/wp-content\/uploads\/2025\/01\/Convocatoria-al-VI-Congreso-Internacional-sobre-Popol-Wuj-1-1-1.pdf<\/a><\/p>\n\t\t\t\t\t\t\t\t<\/div>\n\t\t\t\t<\/div>\n\t\t\t\t<\/div>\n\t\t\t\t<\/div>\n\t\t\t\t\t<\/div>\n\t\t\t\t<\/div>\n\t\t\t\t<\/div>\n\t\t","protected":false},"excerpt":{"rendered":"<p>El VI Congreso Internacional sobre el Popol Wuj sigue la tradici\u00f3n de congresos anteriores, comenzando con el primero en junio de 1979, iniciado por el Dr. Robert Carmack en la ciudad de Santa Cruz del Quich\u00e9. Los congresos posteriores se realizaron en 1999, 2003, 2007 y el m\u00e1s reciente en 2010, organizado por el Centro [&hellip;]<\/p>\n","protected":false},"author":1,"featured_media":2239,"comment_status":"closed","ping_status":"closed","sticky":false,"template":"","format":"standard","meta":{"_acf_changed":false,"footnotes":""},"categories":[11],"tags":[],"class_list":["post-2246","post","type-post","status-publish","format-standard","has-post-thumbnail","hentry","category-sin-categorizar"],"acf":[],"_links":{"self":[{"href":"https:\/\/mayanlanguagespreservation.org\/es\/wp-json\/wp\/v2\/posts\/2246","targetHints":{"allow":["GET"]}}],"collection":[{"href":"https:\/\/mayanlanguagespreservation.org\/es\/wp-json\/wp\/v2\/posts"}],"about":[{"href":"https:\/\/mayanlanguagespreservation.org\/es\/wp-json\/wp\/v2\/types\/post"}],"author":[{"embeddable":true,"href":"https:\/\/mayanlanguagespreservation.org\/es\/wp-json\/wp\/v2\/users\/1"}],"replies":[{"embeddable":true,"href":"https:\/\/mayanlanguagespreservation.org\/es\/wp-json\/wp\/v2\/comments?post=2246"}],"version-history":[{"count":3,"href":"https:\/\/mayanlanguagespreservation.org\/es\/wp-json\/wp\/v2\/posts\/2246\/revisions"}],"predecessor-version":[{"id":2266,"href":"https:\/\/mayanlanguagespreservation.org\/es\/wp-json\/wp\/v2\/posts\/2246\/revisions\/2266"}],"wp:featuredmedia":[{"embeddable":true,"href":"https:\/\/mayanlanguagespreservation.org\/es\/wp-json\/wp\/v2\/media\/2239"}],"wp:attachment":[{"href":"https:\/\/mayanlanguagespreservation.org\/es\/wp-json\/wp\/v2\/media?parent=2246"}],"wp:term":[{"taxonomy":"category","embeddable":true,"href":"https:\/\/mayanlanguagespreservation.org\/es\/wp-json\/wp\/v2\/categories?post=2246"},{"taxonomy":"post_tag","embeddable":true,"href":"https:\/\/mayanlanguagespreservation.org\/es\/wp-json\/wp\/v2\/tags?post=2246"}],"curies":[{"name":"wp","href":"https:\/\/api.w.org\/{rel}","templated":true}]}}